{"id":7313,"date":"2023-06-14T10:18:09","date_gmt":"2023-06-14T10:18:09","guid":{"rendered":"https:\/\/aktionvierviertel.ch\/?p=7313"},"modified":"2026-02-13T04:51:19","modified_gmt":"2026-02-13T04:51:19","slug":"hilf-mit-unterschriften-zu-sammeln-fuer-die-frauenrechte","status":"publish","type":"post","link":"https:\/\/aktionvierviertel.ch\/fr\/hilf-mit-unterschriften-zu-sammeln-fuer-die-frauenrechte\/","title":{"rendered":"AIDE \u00c0 LA COLLECTE DE SIGNATURES POUR LES DROITS DES FEMMES"},"content":{"rendered":"<p><strong>Premi\u00e8re journ\u00e9e nationale de collecte lors de la gr\u00e8ve f\u00e9ministe<\/strong><\/p>\n\n\n\n<p>Aide-nous \u00e0 r\u00e9colter des signatures pour l'initiative D\u00e9mocratie lors de la gr\u00e8ve f\u00e9ministe de ce mercredi.\u00a0<a href=\"https:\/\/aktionvierviertel.us1.list-manage.com\/track\/click?u=caa631413b8e9e1a73f2985a9&amp;id=8eb89b98fb&amp;e=300378aca4\" target=\"_blank\" rel=\"noreferrer noopener\">Druck hier den Bogen aus<\/a>\u00a0ou rencontre\u00a0<a href=\"https:\/\/demokratie-volksinitiative.ch\/lokalkomitees\/\" target=\"_blank\" rel=\"noreferrer noopener\">unsere Lokalkomitees<\/a>\u00a0\u00e0 la gr\u00e8ve - chaque signature compte. Depuis plus de 100 ans, la lutte pour un droit du citoyen:int\u00e9rieur \u00e9quitable est finalement aussi une lutte pour les droits des femmes :<\/p>\n\n\n\n<ul class=\"wp-block-list\"><li>Jusqu'\u00e0 la seconde moiti\u00e9 du si\u00e8cle dernier, les femmes qui vivaient en concubinage avaient peu de chances d'obtenir la naturalisation.<br>&nbsp;<\/li><li>Les femmes qui n'avaient pas d'emploi ou qui vivaient dans des conditions financi\u00e8res difficiles rencontraient les m\u00eames difficult\u00e9s.<br>&nbsp;<\/li><li>Jusqu'en 1978, les femmes qui \u00e9pousaient un homme sans passeport suisse risquaient de perdre leur passeport suisse. L'inverse n'\u00e9tait pas vrai !<br>&nbsp;<\/li><li>Jusqu'en 1992, les femmes n'avaient pas le m\u00eame droit de transmettre leur nationalit\u00e9 suisse \u00e0 leurs enfants que les hommes poss\u00e9dant un passeport suisse.<br>&nbsp;<\/li><li>Jusqu'\u00e0 l'adoption du mariage pour tous, les personnes sans passeport suisse qui vivaient en partenariat homosexuel avec une Suissesse n'avaient pas la possibilit\u00e9 d'obtenir une naturalisation facilit\u00e9e.<\/li><\/ul>\n\n\n\n<p>Mais la discrimination des femmes dans la citoyennet\u00e9 suisse est encore une r\u00e9alit\u00e9 aujourd'hui. Les femmes qui travaillent dans des secteurs pr\u00e9caires ou qui effectuent plus souvent que les hommes des t\u00e2ches de soins non r\u00e9mun\u00e9r\u00e9es ont des difficult\u00e9s particuli\u00e8res \u00e0 se faire naturaliser. Les demandes de naturalisation de femmes touch\u00e9es par la pauvret\u00e9, en particulier celles provenant de pays d'Europe de l'Est et du Sud ainsi que de pays du Sud, n'ont souvent aucune chance. Enfin, les st\u00e9r\u00e9otypes et l'image sexiste des r\u00f4les marquent encore aujourd'hui de nombreux entretiens de naturalisation.<\/p>\n\n\n\n<div style=\"height:10px\" aria-hidden=\"true\" class=\"wp-block-spacer\"><\/div>\n\n\n\n<figure class=\"wp-block-image size-large is-resized\"><img fetchpriority=\"high\" decoding=\"async\" src=\"https:\/\/www.aktionvierviertel.ch\/wp-content\/uploads\/2023\/06\/unnamed-2-1024x683.jpg\" alt=\"\" class=\"wp-image-7274\" width=\"489\" height=\"326\" srcset=\"https:\/\/aktionvierviertel.ch\/wp-content\/uploads\/2023\/06\/unnamed-2-1024x683.jpg 1024w, https:\/\/aktionvierviertel.ch\/wp-content\/uploads\/2023\/06\/unnamed-2-300x200.jpg 300w, https:\/\/aktionvierviertel.ch\/wp-content\/uploads\/2023\/06\/unnamed-2-768x512.jpg 768w, https:\/\/aktionvierviertel.ch\/wp-content\/uploads\/2023\/06\/unnamed-2-1536x1024.jpg 1536w, https:\/\/aktionvierviertel.ch\/wp-content\/uploads\/2023\/06\/unnamed-2-2048x1365.jpg 2048w, https:\/\/aktionvierviertel.ch\/wp-content\/uploads\/2023\/06\/unnamed-2-18x12.jpg 18w\" sizes=\"(max-width: 489px) 100vw, 489px\" \/><\/figure>\n\n\n\n<h2 class=\"wp-block-heading\"><strong>Un exemple tir\u00e9 de la pratique<\/strong><\/h2>\n\n\n\n<p>Madame G, qui \u00e9l\u00e8ve seule ses enfants, a d\u00fb entre-temps abandonner son activit\u00e9 professionnelle pour pouvoir soigner et s'occuper de mani\u00e8re appropri\u00e9e de son fils atteint d'une maladie chronique depuis sa naissance. Elle a ainsi \u00e9t\u00e9 contrainte de recourir aux prestations de l'aide sociale. Jusqu'alors, elle avait toujours exerc\u00e9 une activit\u00e9 professionnelle et \u00e9tait financi\u00e8rement ind\u00e9pendante. La demande de naturalisation de Madame G a \u00e9t\u00e9 rejet\u00e9e au motif qu'elle avait b\u00e9n\u00e9fici\u00e9 de l'aide sociale sans avoir rembours\u00e9 les prestations qu'elle avait re\u00e7ues jusqu'alors. Le Tribunal f\u00e9d\u00e9ral a rejet\u00e9 le recours de cette femme.<\/p>\n\n\n\n<div style=\"height:10px\" aria-hidden=\"true\" class=\"wp-block-spacer\"><\/div>\n\n\n\n<figure class=\"wp-block-image size-large is-resized\"><img decoding=\"async\" src=\"https:\/\/www.aktionvierviertel.ch\/wp-content\/uploads\/2023\/06\/unnamed-1-1-1024x576.jpg\" alt=\"\" class=\"wp-image-7275\" width=\"483\" height=\"271\" srcset=\"https:\/\/aktionvierviertel.ch\/wp-content\/uploads\/2023\/06\/unnamed-1-1-1024x576.jpg 1024w, https:\/\/aktionvierviertel.ch\/wp-content\/uploads\/2023\/06\/unnamed-1-1-300x169.jpg 300w, https:\/\/aktionvierviertel.ch\/wp-content\/uploads\/2023\/06\/unnamed-1-1-768x432.jpg 768w, https:\/\/aktionvierviertel.ch\/wp-content\/uploads\/2023\/06\/unnamed-1-1-18x10.jpg 18w, https:\/\/aktionvierviertel.ch\/wp-content\/uploads\/2023\/06\/unnamed-1-1.jpg 1200w\" sizes=\"(max-width: 483px) 100vw, 483px\" \/><\/figure>\n\n\n\n<p><strong>Comit\u00e9s locaux<\/strong><br>Nos comit\u00e9s locaux r\u00e9coltent d\u00e9j\u00e0 activement des signatures - \u00e9galement lors de la gr\u00e8ve f\u00e9ministe. Tu veux toi aussi participer ? Trouve un comit\u00e9 local pr\u00e8s de chez toi.<\/p>\n\n\n\n<p><a href=\"https:\/\/aktionvierviertel.us1.list-manage.com\/track\/click?u=caa631413b8e9e1a73f2985a9&amp;id=cc00eeb78c&amp;e=300378aca4\" target=\"_blank\" rel=\"noreferrer noopener\">Vers nos comit\u00e9s locaux<\/a><\/p>\n\n\n\n<div style=\"height:10px\" aria-hidden=\"true\" class=\"wp-block-spacer\"><\/div>\n\n\n\n<figure class=\"wp-block-image size-large is-resized\"><img decoding=\"async\" src=\"https:\/\/www.aktionvierviertel.ch\/wp-content\/uploads\/2023\/06\/unnamed-2-1-1024x742.jpg\" alt=\"\" class=\"wp-image-7276\" width=\"479\" height=\"346\" srcset=\"https:\/\/aktionvierviertel.ch\/wp-content\/uploads\/2023\/06\/unnamed-2-1-1024x742.jpg 1024w, https:\/\/aktionvierviertel.ch\/wp-content\/uploads\/2023\/06\/unnamed-2-1-300x217.jpg 300w, https:\/\/aktionvierviertel.ch\/wp-content\/uploads\/2023\/06\/unnamed-2-1-768x557.jpg 768w, https:\/\/aktionvierviertel.ch\/wp-content\/uploads\/2023\/06\/unnamed-2-1-18x12.jpg 18w, https:\/\/aktionvierviertel.ch\/wp-content\/uploads\/2023\/06\/unnamed-2-1.jpg 1192w\" sizes=\"(max-width: 479px) 100vw, 479px\" \/><\/figure>\n\n\n\n<p><strong>DONS<\/strong><br>En tant qu'association de la soci\u00e9t\u00e9 civile, nous d\u00e9pendons des dons, car une initiative populaire est un projet co\u00fbteux. Tu peux nous soutenir tr\u00e8s facilement via Twint et tous les moyens de paiement courants.<\/p>\n\n\n\n<p><a href=\"https:\/\/aktionvierviertel.us1.list-manage.com\/track\/click?u=caa631413b8e9e1a73f2985a9&amp;id=e385c6cb50&amp;e=300378aca4\" target=\"_blank\" rel=\"noreferrer noopener\">Faire un don ici<\/a><\/p>\n\n\n\n<div style=\"height:10px\" aria-hidden=\"true\" class=\"wp-block-spacer\"><\/div>\n\n\n\n<figure class=\"wp-block-image size-large is-resized\"><img loading=\"lazy\" decoding=\"async\" src=\"https:\/\/www.aktionvierviertel.ch\/wp-content\/uploads\/2023\/06\/unnamed-3-1024x576.jpg\" alt=\"\" class=\"wp-image-7277\" width=\"493\" height=\"277\" srcset=\"https:\/\/aktionvierviertel.ch\/wp-content\/uploads\/2023\/06\/unnamed-3-1024x576.jpg 1024w, https:\/\/aktionvierviertel.ch\/wp-content\/uploads\/2023\/06\/unnamed-3-300x169.jpg 300w, https:\/\/aktionvierviertel.ch\/wp-content\/uploads\/2023\/06\/unnamed-3-768x432.jpg 768w, https:\/\/aktionvierviertel.ch\/wp-content\/uploads\/2023\/06\/unnamed-3-18x10.jpg 18w, https:\/\/aktionvierviertel.ch\/wp-content\/uploads\/2023\/06\/unnamed-3.jpg 1200w\" sizes=\"(max-width: 493px) 100vw, 493px\" \/><\/figure>\n\n\n\n<p><strong>Actualit\u00e9s<\/strong><br>Tu trouveras d\u00e9sormais sur notre site Internet tous les discours prononc\u00e9s lors de la conf\u00e9rence de presse organis\u00e9e \u00e0 l'occasion du lancement de notre initiative populaire.<\/p>\n\n\n\n<p><a href=\"mailto:kontakt@aktionvierviertel.ch?subject=Sprache%20des%20Newsletters\" target=\"_blank\" rel=\"noreferrer noopener\">Lire ici<\/a><\/p>\n\n\n\n<div style=\"height:10px\" aria-hidden=\"true\" class=\"wp-block-spacer\"><\/div>\n\n\n\n<p><strong>Merci beaucoup pour ton soutien !<\/strong><\/p>\n\n\n\n<p>Si tu veux en faire plus, invite tes amis et tes connaissances \u00e0 participer \u00e0 l'\u00e9v\u00e9nement.&nbsp;<a href=\"https:\/\/aktionvierviertel.us1.list-manage.com\/track\/click?u=caa631413b8e9e1a73f2985a9&amp;id=11fcaca81d&amp;e=300378aca4\" target=\"_blank\" rel=\"noreferrer noopener\">Signer l'initiative populaire<\/a>, zu&nbsp;<a href=\"https:\/\/aktionvierviertel.us1.list-manage.com\/track\/click?u=caa631413b8e9e1a73f2985a9&amp;id=8199e01a05&amp;e=300378aca4\" target=\"_blank\" rel=\"noreferrer noopener\">don<\/a>&nbsp;et de nous attendre \u00e0&nbsp;<a href=\"https:\/\/aktionvierviertel.us1.list-manage.com\/track\/click?u=caa631413b8e9e1a73f2985a9&amp;id=8c0d8d9560&amp;e=300378aca4\" target=\"_blank\" rel=\"noreferrer noopener\">Facebook<\/a>,&nbsp;<a href=\"https:\/\/aktionvierviertel.us1.list-manage.com\/track\/click?u=caa631413b8e9e1a73f2985a9&amp;id=77f4317756&amp;e=300378aca4\" target=\"_blank\" rel=\"noreferrer noopener\">Twitter<\/a>&nbsp;und&nbsp;<a href=\"https:\/\/aktionvierviertel.us1.list-manage.com\/track\/click?u=caa631413b8e9e1a73f2985a9&amp;id=250c5573d4&amp;e=300378aca4\" target=\"_blank\" rel=\"noreferrer noopener\">Instagram<\/a>&nbsp;pour que d'autres personnes nous connaissent.<br>Nous vous saluons cordialement,<\/p>\n\n\n\n<p><em>Le comit\u00e9 d'initiative et le conseil d'administration d'Aktion Vierviertel<\/em><\/p>","protected":false},"excerpt":{"rendered":"<p>Erster nationaler Sammeltag am feministischen Streik Hilf uns, diesen Mittwoch am feministischen Streik Unterschriften f\u00fcr die Demokratie-Initiative zu sammeln.\u00a0Druck hier den Bogen aus\u00a0oder triff\u00a0unsere Lokalkomitees\u00a0am Streik &#8211; jede Unterschrift z\u00e4hlt. Der Kampf um ein gerechtes B\u00fcrger:innenrecht ist seit \u00fcber 100 Jahren schliesslich auch ein Kampf um die Rechte der Frauen: Bis in die zweite H\u00e4lfte [&hellip;]<\/p>","protected":false},"author":5,"featured_media":7270,"comment_status":"closed","ping_status":"open","sticky":false,"template":"","format":"standard","meta":{"_acf_changed":false,"footnotes":""},"categories":[16,26,28,1,25,27],"tags":[],"class_list":["post-7313","post","type-post","status-publish","format-standard","has-post-thumbnail","hentry","category-alle","category-burgerrecht","category-integration","category-unkategorisiert","category-verein","category-willkur"],"acf":[],"_links":{"self":[{"href":"https:\/\/aktionvierviertel.ch\/fr\/wp-json\/wp\/v2\/posts\/7313","targetHints":{"allow":["GET"]}}],"collection":[{"href":"https:\/\/aktionvierviertel.ch\/fr\/wp-json\/wp\/v2\/posts"}],"about":[{"href":"https:\/\/aktionvierviertel.ch\/fr\/wp-json\/wp\/v2\/types\/post"}],"author":[{"embeddable":true,"href":"https:\/\/aktionvierviertel.ch\/fr\/wp-json\/wp\/v2\/users\/5"}],"replies":[{"embeddable":true,"href":"https:\/\/aktionvierviertel.ch\/fr\/wp-json\/wp\/v2\/comments?post=7313"}],"version-history":[{"count":2,"href":"https:\/\/aktionvierviertel.ch\/fr\/wp-json\/wp\/v2\/posts\/7313\/revisions"}],"predecessor-version":[{"id":7316,"href":"https:\/\/aktionvierviertel.ch\/fr\/wp-json\/wp\/v2\/posts\/7313\/revisions\/7316"}],"wp:featuredmedia":[{"embeddable":true,"href":"https:\/\/aktionvierviertel.ch\/fr\/wp-json\/wp\/v2\/media\/7270"}],"wp:attachment":[{"href":"https:\/\/aktionvierviertel.ch\/fr\/wp-json\/wp\/v2\/media?parent=7313"}],"wp:term":[{"taxonomy":"category","embeddable":true,"href":"https:\/\/aktionvierviertel.ch\/fr\/wp-json\/wp\/v2\/categories?post=7313"},{"taxonomy":"post_tag","embeddable":true,"href":"https:\/\/aktionvierviertel.ch\/fr\/wp-json\/wp\/v2\/tags?post=7313"}],"curies":[{"name":"wp","href":"https:\/\/api.w.org\/{rel}","templated":true}]}}