{"id":7388,"date":"2023-08-01T13:23:48","date_gmt":"2023-08-01T13:23:48","guid":{"rendered":"https:\/\/www.aktionvierviertel.ch\/?p=7388"},"modified":"2026-02-13T04:51:19","modified_gmt":"2026-02-13T04:51:19","slug":"medienmitteilung-zum-1-august","status":"publish","type":"post","link":"https:\/\/aktionvierviertel.ch\/fr\/medienmitteilung-zum-1-august\/","title":{"rendered":"Communiqu\u00e9 de presse pour le 1er ao\u00fbt"},"content":{"rendered":"<p>Courriel : <a href=\"mailto:kontakt@aktionvierviertel.ch\">kontakt@aktionvierviertel.ch<\/a><\/p>\r\n\r\n\r\n\r\n\r\n\r\n<p>Berne, le 31 juillet 2023<\/p>\r\n\r\n\r\n\r\n<p><strong>Communiqu\u00e9 de presse pour le 1er ao\u00fbt<\/strong><\/p>\r\n\r\n\r\n\r\n<p><strong>Pour une Suisse tourn\u00e9e vers l\u2019avenir<\/strong><\/p>\r\n\r\n\r\n\r\n<p><strong>Feiertage sind gute Momente f\u00fcr Visionen \u2013 und gerade an jenem Tag, an dem die Eidgenossenschaft gefeiert wird, ist es an der Zeit, eine Vision f\u00fcr das Land zu entwickeln. Dazu geh\u00f6rt auch ein modernes B\u00fcrgerrecht. Aus diesem Grund hat die Aktion Vierviertel, ein breiter zivilgesellschaftlicher Zusammenschluss, im Fr\u00fchsommer ihre Volksinitiative \u00abF\u00fcr ein modernes B\u00fcrgerrecht\u00bb \u2013 die Demokratie-Initiative \u2013 lanciert.<\/strong><\/p>\r\n\r\n\r\n\r\n<p>La Suisse exclut de la citoyennet\u00e9 \u2013 et donc de la d\u00e9mocratie \u2013 un quart de sa population environ, avec une loi de la nationalit\u00e9 parmi les plus restrictives d\u2019Europe. M\u00eame les propositions mod\u00e9r\u00e9es propos\u00e9es ces derni\u00e8res ann\u00e9es au parlement pour combler ce d\u00e9ficit n\u2019ont pas trouv\u00e9 de majorit\u00e9: en juin dernier encore, le Conseil national a refus\u00e9 quatre propositions des Vert\u2019lib\u00e9raux, par les voix de l\u2019UDC, du PLR et du Centre. L\u2019action quatre quarts a pour ambition d\u2019opposer un r\u00e9cit de coh\u00e9sion r\u00e9aliste \u00e0 une image surann\u00e9e de la Suisse. Arb\u00ebr Bullakaj, pr\u00e9sident de l\u2019Action quart quarts: \u00abNous voulons une Suisse qui promeuve la diversit\u00e9, qui prot\u00e8ge les libert\u00e9s personnelles de chaque habitant-e et qui avance vers l\u2019avenir.\u00bb<\/p>\r\n\r\n\r\n\r\n<h3 class=\"wp-block-heading\"><strong>Reconna\u00eetre les r\u00e9alit\u00e9s<\/strong><\/h3>\r\n\r\n\r\n\r\n<p>La soci\u00e9t\u00e9 suisse est fa\u00e7onn\u00e9e par la migration et la globalisation. Dans la rue, dans les associations locales, \u00e0 l\u2019\u00e9cole ou dans les entreprises, les personnes avec une histoire migratoire participent \u00e0 faire notre pays. En 2019, 37,7% de la population avaient un arri\u00e8re-plan migratoire, chez les enfants le taux se situe \u00e0 50%. \u00abNous vivons dans une soci\u00e9t\u00e9 o\u00f9 les r\u00e9alit\u00e9s de vie transnationales et les appartenances multiples sont un quotidien v\u00e9cu et font le succ\u00e8s de la Suisse\u00bb, selon Nadra Mao, membre du comit\u00e9 de l\u2019initiative pour la d\u00e9mocratie. \u00abParall\u00e8lement, toutes ces personnes font quotidiennement l\u2019exp\u00e9rience de discriminations \u2013 les clich\u00e9s au sujet des Suisses et de leur mode de vie ne correspondent plus \u00e0 la r\u00e9alit\u00e9 de notre pays.\u00bb<\/p>\r\n\r\n\r\n\r\n<p>Ce d\u00e9calage conduit toujours plus de personnes \u00e0 s\u2019engager pour une Suisse ouverte, qui inclut chacune et chacun. L\u2019Action quatre quarts prend donc la diversit\u00e9 de la soci\u00e9t\u00e9 comme point de d\u00e9part pour concevoir une Suisse qui refl\u00e8te les valeurs de notre Constitution, qui est d\u00e9mocratique, lib\u00e9rale, solidaire, bas\u00e9e sur les droits fondamentaux et humains et socialement juste. \u00abNous reconnaissons ainsi que nous partageons toutes et tous une communaut\u00e9 de destin. Qui vit durablement ici doit aussi participer \u00e0 forger notre pays\u00bb, pr\u00e9cise Agnese Zucca, \u00e9galement membre du comit\u00e9 d'initiative.\u00a0<\/p>\r\n\r\n\r\n\r\n<p>Car un prochain jubil\u00e9 approche, offrant une nouvelle occasion de r\u00e9flexion: le 12 septembre, la Constitution suisse f\u00eatera ses 175 ans. Il est donc grand temps d\u2019\u00e9crire un nouveau chapitre de l\u2019histoire de notre pays, qui permette r\u00e9ellement la participation. Et l\u2019Action quatre quarts dessine \u00e0 cette fin un droit de la nationalit\u00e9 moderne avec son initiative pour la d\u00e9mocratie.<\/p>","protected":false},"excerpt":{"rendered":"<p>E-Mail: kontakt@aktionvierviertel.ch Bern, 31. Juli 2023 Medienmitteilung zum 1. August F\u00fcr eine Schweiz, die sich der Zukunft zuwendet Feiertage sind gute Momente f\u00fcr Visionen \u2013 und gerade an jenem Tag, an dem die Eidgenossenschaft gefeiert wird, ist es an der Zeit, eine Vision f\u00fcr das Land zu entwickeln. Dazu geh\u00f6rt auch ein modernes B\u00fcrgerrecht. Aus [&hellip;]<\/p>","protected":false},"author":5,"featured_media":7389,"comment_status":"closed","ping_status":"open","sticky":false,"template":"","format":"standard","meta":{"_acf_changed":false,"footnotes":""},"categories":[16,26,28,1,25,27],"tags":[],"class_list":["post-7388","post","type-post","status-publish","format-standard","has-post-thumbnail","hentry","category-alle","category-burgerrecht","category-integration","category-unkategorisiert","category-verein","category-willkur"],"acf":[],"_links":{"self":[{"href":"https:\/\/aktionvierviertel.ch\/fr\/wp-json\/wp\/v2\/posts\/7388","targetHints":{"allow":["GET"]}}],"collection":[{"href":"https:\/\/aktionvierviertel.ch\/fr\/wp-json\/wp\/v2\/posts"}],"about":[{"href":"https:\/\/aktionvierviertel.ch\/fr\/wp-json\/wp\/v2\/types\/post"}],"author":[{"embeddable":true,"href":"https:\/\/aktionvierviertel.ch\/fr\/wp-json\/wp\/v2\/users\/5"}],"replies":[{"embeddable":true,"href":"https:\/\/aktionvierviertel.ch\/fr\/wp-json\/wp\/v2\/comments?post=7388"}],"version-history":[{"count":3,"href":"https:\/\/aktionvierviertel.ch\/fr\/wp-json\/wp\/v2\/posts\/7388\/revisions"}],"predecessor-version":[{"id":8295,"href":"https:\/\/aktionvierviertel.ch\/fr\/wp-json\/wp\/v2\/posts\/7388\/revisions\/8295"}],"wp:featuredmedia":[{"embeddable":true,"href":"https:\/\/aktionvierviertel.ch\/fr\/wp-json\/wp\/v2\/media\/7389"}],"wp:attachment":[{"href":"https:\/\/aktionvierviertel.ch\/fr\/wp-json\/wp\/v2\/media?parent=7388"}],"wp:term":[{"taxonomy":"category","embeddable":true,"href":"https:\/\/aktionvierviertel.ch\/fr\/wp-json\/wp\/v2\/categories?post=7388"},{"taxonomy":"post_tag","embeddable":true,"href":"https:\/\/aktionvierviertel.ch\/fr\/wp-json\/wp\/v2\/tags?post=7388"}],"curies":[{"name":"wp","href":"https:\/\/api.w.org\/{rel}","templated":true}]}}