{"id":8396,"date":"2024-11-23T06:57:39","date_gmt":"2024-11-23T06:57:39","guid":{"rendered":"https:\/\/www.aktionvierviertel.ch\/?p=8396"},"modified":"2026-02-13T04:51:19","modified_gmt":"2026-02-13T04:51:19","slug":"rede-von-arber-bullakaj-zur-einreichung-der-demokratieinitiative","status":"publish","type":"post","link":"https:\/\/aktionvierviertel.ch\/fr\/rede-von-arber-bullakaj-zur-einreichung-der-demokratieinitiative\/","title":{"rendered":"Rede von Arb\u00ebr Bullakaj zur Einreichung der Demokratieinitiative"},"content":{"rendered":"<div style=\"background-color: #90ee90; color: white; padding: 10px; font-weight: bold; text-align: left; font-family: 'Hanken Grotesk', Sans-serif; font-size: 20px;\">Arb\u00ebr Bullakaj, Co-Pr\u00e4sident Aktion Vierviertel<\/div>\n<p>&nbsp;<\/p>\n<p><strong>Einreichung der Demokratie-Initiative ist eine historische Wende<\/strong><\/p>\n<p>Sehr verehrte Mitmenschen,<br \/>\nLiebe Zufalls-Schweizer:innen, verifizierte und zertifizierte Schweizer:innen, zuk\u00fcnftige<br \/>\nSchweizer:innen,<br \/>\nLiebe vielf\u00e4ltige Schweiz,<br \/>\nGesch\u00e4tzte Anwesende,<br \/>\nLiebe Demokratie-Begeisterte und Menschenrechtler:innen,<\/p>\n<p>Buongiorno, Bonjour, Guten Morgen!<\/p>\n<p>Wir stehen heute vor dieser beeindruckenden Unterschriftenwand \u2013 ein Symbol f\u00fcr die Initiative und f\u00fcr die Vielfalt und St\u00e4rke der Schweizer Bev\u00f6lkerung. Es war ein langer, steiniger Weg, der uns allen viel abverlangt hat. Und dennoch stehen wir heute hier, nicht nur mit \u00fcber 135&#8217;000 Unterschriften, sondern auch mit einem klaren Zeichen f\u00fcr Ver\u00e4nderung und Fortschritt.<\/p>\n<p>Der Weg zu dieser Volksinitiative war alles andere als selbstverst\u00e4ndlich. Viele haben uns gewarnt: Ein kleiner, zivilgesellschaftlicher Verein wie unserer k\u00f6nne ein solches Vorhaben nicht stemmen. Ohne die grossen Parteien und Gewerkschaften, die den gr\u00f6ssten Teil der Unterschriften stemmen, hiess es, sei es unm\u00f6glich, gen\u00fcgend Unterschriften zu sammeln. &#171;Verschiebt es lieber&#187;, sagten sie, &#171;es ist zu riskant&#187;.<\/p>\n<p>Doch wir haben daran geglaubt. Wir haben an die Vision geglaubt, dass sich genug Menschen unserer Sache anschliessen w\u00fcrden. Und wir haben an unsere Verpflichtung geglaubt, f\u00fcr \u00fcber zwei Millionen Menschen in diesem Land einzustehen, die l\u00e4ngst mehr Fairness und Gerechtigkeit verdienen.<\/p>\n<p>Sechs Zahlen stehen sinnbildlich f\u00fcr diesen Prozess: 1, 2, 3, 4, 5 und 1000.<\/p>\n<p>1:<br \/>\nWir sind die einzige progressive B\u00fcrgerrechts- und Migrationsinitiative der Schweiz. Seit \u00fcber 50 Jahren ist keine vergleichbare Initiative lanciert worden. Und wir sind die einzigen, die das mit einem kleinen Verein, der sich zu einer lebendigen Bewegung entwickelt hat, gestemmt haben. Heute haben wir Geschichte geschrieben!<\/p>\n<p>2:<br \/>\nDie Zwei war unser treuer Begleiter. Zwei Jahre intensiver Arbeit an unserem Manifest und an der Vereinsstruktur, zwei weitere Jahre f\u00fcr die Ausarbeitung der Initiative, und schlussendlich zwei Jahre f\u00fcr die Vorbereitung und Umsetzung der Unterschriftensammlung.<\/p>\n<p>3:<br \/>\nJetzt, nach der Einreichung, kann es bis zu drei Jahre dauern, bis die Initiative zur Abstimmung kommt. Aber das ist keine Zeit zum Warten \u2013 es ist eine Zeit zum Handeln. Wir werden die Bev\u00f6lkerung weiter sensibilisieren, informieren und aufkl\u00e4ren \u00fcber die H\u00fcrden und die Willk\u00fcr, die so viele Menschen im Einb\u00fcrgerungsprozess erleben.<\/p>\n<p>4:<br \/>\nDie Vier steht f\u00fcr die vier Landessprachen der Schweiz und f\u00fcr die Vision einer Vierviertel-Schweiz, die unseren Verein Aktion Vierviertel antreibt. Unser Ziel ist ein Paradigmenwechsel im B\u00fcrger:innenrecht \u2013 eine Chance, endlich eine vollwertige Vierviertel-Demokratie zu schaffen.<\/p>\n<p>5:<br \/>\nDie F\u00fcnf symbolisiert ein High Five f\u00fcr jede einzelne Person, die diese Initiative m\u00f6glich gemacht hat: Menschen, die Tag f\u00fcr Tag bei Sonne, Regen, K\u00e4lte oder Dunkelheit Unterschriften gesammelt haben. Ihr seid einfach grossartig!<\/p>\n<p>1000:<br \/>\nIch stehe hier vor euch mit Demut und Dankbarkeit. Tausendfacher Dank geb\u00fchrt all jenen, die uns unterst\u00fctzt haben:<br \/>\n&#8211; Den Mitgliedern, die unseren Verein tragen und vorantreiben.<br \/>\n&#8211; Dem Initiativkomitee, das unerm\u00fcdlich mit uns gearbeitet hat.<br \/>\n&#8211; Unseren Partnern: SP, Gr\u00fcne, Operation Libero, Wecollect, Juso und Junge Gr\u00fcne und Gewerkschaften.<br \/>\n&#8211; Den weiteren NGO\u2019s, kirchlichen Organisationen und Unterst\u00fctzern.<br \/>\n&#8211; Meinem Vorstand, mit dem wir unz\u00e4hlige Stunden diskutiert, debattiert und vor allem wertvolles erschaffen haben.<br \/>\n&#8211; Meinen Co-Pr\u00e4sidentinnen Nadra Mao und Agnese Zucca f\u00fcr die aussergew\u00f6hnlich tolle Zusammenarbeit.<br \/>\n&#8211; Den Menschen mit und ohne Schweizer Pass, die uns unterst\u00fctzen \u2013 jetzt und im kommenden Abstimmungskampf.<br \/>\n&#8211; Und allen, die Willk\u00fcr erlebt, aber nie aufgegeben haben. Euer Mut und eure Beharrlichkeit inspirieren uns und geben unserer Arbeit Sinn.<\/p>\n<p>Liebe Anwesende,<br \/>\ndieser Moment geh\u00f6rt uns allen \u2013 denen, die hier leben, hier mitwirken und mitgestalten wollen. Die Demokratie-Initiative ist ein Symbol daf\u00fcr, dass Demokratie ein lebendiger Prozess ist, den wir alle aktiv gestalten m\u00fcssen.<\/p>\n<p>Lasst uns diesen Schwung mitnehmen und weiter f\u00fcr eine Schweiz k\u00e4mpfen, in der jede Stimme z\u00e4hlt, jede:r geh\u00f6rt wird und die Demokratie eine Kraft ist, die verbindet.<\/p>\n<p>Vielen Dank!<\/p>\n<p><em>Rede Arber Bullakaj Einreichung Demokratie-Initiative &#8211; Bern 21.11.2024<\/em><\/p>","protected":false},"excerpt":{"rendered":"<p>Arb\u00ebr Bullakaj, Co-Pr\u00e4sident Aktion Vierviertel &nbsp; Einreichung der Demokratie-Initiative ist eine historische Wende Sehr verehrte Mitmenschen, Liebe Zufalls-Schweizer:innen, verifizierte und zertifizierte Schweizer:innen, zuk\u00fcnftige Schweizer:innen, Liebe vielf\u00e4ltige Schweiz, Gesch\u00e4tzte Anwesende, Liebe Demokratie-Begeisterte und Menschenrechtler:innen, Buongiorno, Bonjour, Guten Morgen! Wir stehen heute vor dieser beeindruckenden Unterschriftenwand \u2013 ein Symbol f\u00fcr die Initiative und f\u00fcr die Vielfalt und [&hellip;]<\/p>","protected":false},"author":5,"featured_media":8400,"comment_status":"closed","ping_status":"open","sticky":false,"template":"","format":"standard","meta":{"_acf_changed":false,"footnotes":""},"categories":[16],"tags":[],"class_list":["post-8396","post","type-post","status-publish","format-standard","has-post-thumbnail","hentry","category-alle"],"acf":[],"_links":{"self":[{"href":"https:\/\/aktionvierviertel.ch\/fr\/wp-json\/wp\/v2\/posts\/8396","targetHints":{"allow":["GET"]}}],"collection":[{"href":"https:\/\/aktionvierviertel.ch\/fr\/wp-json\/wp\/v2\/posts"}],"about":[{"href":"https:\/\/aktionvierviertel.ch\/fr\/wp-json\/wp\/v2\/types\/post"}],"author":[{"embeddable":true,"href":"https:\/\/aktionvierviertel.ch\/fr\/wp-json\/wp\/v2\/users\/5"}],"replies":[{"embeddable":true,"href":"https:\/\/aktionvierviertel.ch\/fr\/wp-json\/wp\/v2\/comments?post=8396"}],"version-history":[{"count":2,"href":"https:\/\/aktionvierviertel.ch\/fr\/wp-json\/wp\/v2\/posts\/8396\/revisions"}],"predecessor-version":[{"id":8399,"href":"https:\/\/aktionvierviertel.ch\/fr\/wp-json\/wp\/v2\/posts\/8396\/revisions\/8399"}],"wp:featuredmedia":[{"embeddable":true,"href":"https:\/\/aktionvierviertel.ch\/fr\/wp-json\/wp\/v2\/media\/8400"}],"wp:attachment":[{"href":"https:\/\/aktionvierviertel.ch\/fr\/wp-json\/wp\/v2\/media?parent=8396"}],"wp:term":[{"taxonomy":"category","embeddable":true,"href":"https:\/\/aktionvierviertel.ch\/fr\/wp-json\/wp\/v2\/categories?post=8396"},{"taxonomy":"post_tag","embeddable":true,"href":"https:\/\/aktionvierviertel.ch\/fr\/wp-json\/wp\/v2\/tags?post=8396"}],"curies":[{"name":"wp","href":"https:\/\/api.w.org\/{rel}","templated":true}]}}