{"id":8421,"date":"2025-02-04T14:48:49","date_gmt":"2025-02-04T14:48:49","guid":{"rendered":"https:\/\/www.aktionvierviertel.ch\/?p=8421"},"modified":"2026-02-13T04:51:19","modified_gmt":"2026-02-13T04:51:19","slug":"muri-guemligen-statt-england-wie-das-leben-so-spielt","status":"publish","type":"post","link":"https:\/\/aktionvierviertel.ch\/fr\/muri-guemligen-statt-england-wie-das-leben-so-spielt\/","title":{"rendered":"Muri-G\u00fcmligen statt England \u2013 wie das Leben so spielt"},"content":{"rendered":"<p><strong>In diesem Jahr ist Hilmi Gashi von den Gr\u00fcnen Pr\u00e4sident des Grossen Gemeinderates von Muri bei Bern. Der Gewerkschafter hat ein bewegtes Leben und geniesst auch bei politischen Gegnern einen guten Ruf.\u00a0<br \/><br \/><\/strong><\/p>\r\n\r\n\r\n\r\n<p>Er sagt:\u00a0<em>\u201eIch m\u00f6chte helfen, Menschen sichtbar machen, die man sonst nicht so gut sieht.\u201c<\/em><\/p>\r\n\r\n\r\n\r\n<p>Dass Hilmi Gashi im Jahr 2025 der \u201eh\u00f6chste Muri-G\u00fcmliger\u201c ist, hat auch mit Zufall zu tun. Aufgewachsen ist Gashi als \u00e4ltestes von sieben Geschwistern in Atmagj\u00eb, einem Dorf in der N\u00e4he von Prizren im Kosovo. Nach seiner Matura studierte Gashi in Pristina Wirtschaft, wegen der Unruhen in seinem Land musste er das Studium nach drei Jahren aber abbrechen. Und eigentlich wollte der geb\u00fcrtige Kosovare damals in den Semesterferien nach England gehen, um einen Saisonjob zu suchen, landete dann aber dank Bekannten in Bern.<\/p>\r\n\r\n\r\n\r\n<p>\u201e\u00dcber die Schweiz wusste ich wenig, mit 14 habe ich Wilhelm Tell auf Albanisch gelesen und als Fussball-Begeisterter kannte ich Xamax Neuenburg, das damals im Europacup f\u00fcr Furore sorgte\u201c, sagt Gashi und lacht. \u201eDie Erz\u00e4hlungen der Saisonniers, denen ich als Jugendlicher in Kosova begegnete, waren auf jeden Fall nicht nur schmeichelhaft f\u00fcr die Schweiz.\u201c<\/p>\r\n\r\n\r\n\r\n<p>Nach seiner Ankunft hatten sich die negativen Erz\u00e4hlungen zum Teil bewahrheitet. \u201eIch kam sp\u00e4ter ohne Netzwerk ins Land und arbeitete zuerst als Maler auf dem Bau und wohnte in einem Haus in Kirchenfeld mit drei weiteren Bauarbeitern in einem Zimmer. Das war schon fast luxuri\u00f6s. Andere Saisoniers wohnten in schlecht isolierten Baracken am Strassenrand. \u00d6ffentliche Pl\u00e4tze in Bern waren wichtig f\u00fcr die Saisoniers. Wir trafen uns am Bahnhof, in der Christoffel-Beiz in der Bahnhof-Unterf\u00fchrung oder beim Schach auf dem B\u00e4renplatz\u201c, erz\u00e4hlt Gashi. Nur langsam fand er seinen Platz in der Gesellschaft.<\/p>\r\n\r\n\r\n\r\n<p>\u201eIch hatte Gl\u00fcck und konnte mein Studium an der Uni Freiburg wieder aufnehmen. In meiner WG lebten spannende Menschen aus allen Ecken der Schweiz und ich fand mich immer besser zurecht.\u201c Die Schweiz lernte er zuerst allein und sp\u00e4ter mit seiner Frau Violeta und den S\u00f6hnen Lenart und Endrit beim Wandern, Velofahren und bei zahlreichen Ausfl\u00fcgen und Ferien mit dem Zug oder Postauto durchs ganze Land kennen.<\/p>\r\n\r\n\r\n\r\n<p><strong>Mit der Familie nach Muri<\/strong> Sp\u00e4ter zog Hilmi Gashi mit seiner Familie nach Muri. Viele positive Erinnerungen h\u00e4ngen mit dem Fussball zusammen. Der Fussballplatz ist ein guter Begegnungsort, sagt Gashi.\u00a0<em>\u201eDie Clubs leisten in der Schweiz eine sehr grosse Arbeit bei der Integration.\u201c<\/em><\/p>\r\n\r\n\r\n\r\n<p>Engagiert im Elternrat trainierte Gashi denn auch selbst bald Klassen beim Sch\u00fclercup, sp\u00e4ter traten Lenart und Endrit beim FC Muri-G\u00fcmligen ein. \u201eAls eine Mannschaft aufgel\u00f6st werden sollte, weil sie keine Trainer mehr hatte, meldete ich mich.\u201c Hilmi Gashi absolvierte den Trainer-Grundkurs und bildete sich mit Tutorials im Internet weiter. Auch in der Freizeit gilt f\u00fcr Gashi:\u00a0<em>Unvorbereitet gibt\u2019s nicht.<\/em><\/p>\r\n\r\n\r\n\r\n<p>In seiner Jugend war er selbst polysportiv unterwegs, spielte Fussball, Basketball, Tischtennis und Kampfsport. \u201eIch brauchte immer viel Bewegung. Noch heute kommen mir die besten Ideen eher bei einem Spaziergang im Wald als am Schreibtisch.\u201c Und wenn Gashi Zeit findet, h\u00f6rt er gerne eher innovativen Alternativrock, er spielt auch selbst Gitarre.<\/p>\r\n\r\n\r\n\r\n<p><strong>Keine Abstimmung verpasst<\/strong> \u201eIch war immer ein politischer Mensch\u201c, erz\u00e4hlt Gashi. \u201eNach meiner Einb\u00fcrgerung im Jahr 2008 habe ich mich dann vermehrt pers\u00f6nlich engagiert. In Bern suchte ich politischen Anschluss und fand diesen im Gr\u00fcnen B\u00fcndnis. Einerseits durch Bekanntschaften und andererseits hatte ich damals die gr\u00f6ssten politischen Schnittmengen mit dem GB.\u201c<\/p>\r\n\r\n\r\n\r\n<p>Durch sein Engagement in der Integrationspolitik und seinen Job bei der Gewerkschaft\u00a0Unia\u00a0w\u00fcrde Gashi heute wohl auch gut zur SP passen. Seit seiner Einb\u00fcrgerung hat Hilmi Gashi noch keine Abstimmung verpasst, darauf ist er stolz. Die politische Teilhabe empfindet Gashi als Privileg, und er m\u00f6chte sie darum auch Ausl\u00e4nderinnen und Ausl\u00e4ndern, die hier wohnhaft sind, erm\u00f6glichen.<\/p>\r\n\r\n\r\n\r\n<p>\u201eViele setzen sich beruflich oder auch gesellschaftlich ein, erledigen ihre Pflichten, bezahlen Steuern, um dann zu merken, dass sie nicht abstimmen d\u00fcrfen. Gegen diese und andere strukturelle Barrieren setze ich mich ein. Ich m\u00f6chte helfen, Menschen sichtbar machen, die man sonst nicht so gut sieht.\u201c<\/p>\r\n\r\n\r\n\r\n<p>Ausserhalb der Gemeinde und des Muriger Parlaments engagiert sich Hilmi Gashi bei der\u00a0<em>Vierviertel-Initiative<\/em>\u00a0im Verein und im Initiativ-Komitee.\u00a0<em>\u201eEs geht darum, die 25% der Menschen ohne Schweizer Pass in den politischen Diskurs einzubauen. Das st\u00e4rkt unsere direkte Demokratie und macht sie inklusiver.\u201c<\/em><\/p>\r\n\r\n\r\n\r\n<p>Die Migranten seien keine homogene Gruppe, sie h\u00e4tten verschiedene Meinungen, auch politisch, genau wie die Gesellschaft, die bereits hier lebe, sagt er.\u00a0<em>\u201eIch kenne Kosovaren, die politisieren in der SVP, andere bezeichnen sich als liberal oder orientieren sich links. Ich pers\u00f6nlich finde politisches Engagement wichtig, aber ich habe auch Verst\u00e4ndnis f\u00fcr jene, die es nicht tun.\u201c<\/em><\/p>\r\n\r\n\r\n\r\n<p><strong>\u201eH\u00f6chster Muri-G\u00fcmliger\u201c<\/strong> Bei der ersten Parlamentssitzung des Jahres wurde er einstimmig als Pr\u00e4sident des Grossen Gemeinderates gew\u00e4hlt \u2013 seine Frau und die beiden S\u00f6hne waren in der Aula des Schulhauses Moos zugegen \u2013 und ist jetzt ein Jahr lang der \u201eh\u00f6chste Muri-G\u00fcmliger\u201c. Bei seiner kurzen Er\u00f6ffnungsrede sagte Gashi, dass er vor drei Jahrzehnten bei seiner Ankunft in der Schweiz nie damit gerechnet h\u00e4tte, einst Parlamentspr\u00e4sident einer Gemeinde wie Muri bei Bern zu werden.<\/p>\r\n\r\n\r\n\r\n<p>Gashi geniesst in der Lokalpolitik weit \u00fcber Parteigrenzen hinweg einen guten Ruf als umsichtiger und stets dossiersicherer Politiker. Gesch\u00e4tzt werden neben seiner ruhigen Art auch die F\u00e4higkeit, zuzuh\u00f6ren und andere Meinungen zu akzeptieren. Gute Voraussetzungen f\u00fcr die anspruchsvolle Aufgabe, die GGR-Sitzungen zu leiten.<\/p>\r\n\r\n\r\n\r\n<p><em>\u201eIch m\u00f6chte zusammen mit dem Ratsb\u00fcro eine positive Diskussionsbasis erm\u00f6glichen und die Debatten mit Bedacht leiten. Das bedeutet f\u00fcr mich, gut planen und vorbereiten, damit das Parlament den Fokus auf die Inhalte und nicht auf Formalit\u00e4ten legen kann. Selbstverst\u00e4ndlich werde ich ein Ratspr\u00e4sident f\u00fcr alle sein und mich politisch neutral verhalten.\u201c<\/em><\/p>\r\n\r\n\r\n\r\n<p>Dass er das gut kann, hat er dann sogleich bewiesen. Dabei war es eine schwierige und f\u00fcr den Monat Januar au\u00dfergew\u00f6hnlich lange Sitzung, die Gashi aber bis zum Ende um 23.30 Uhr souver\u00e4n geleitet hat.<\/p>\r\n\r\n\r\n\r\n<p><a class=\"custom-button\" href=\"https:\/\/demokratie-volksinitiative.ch\/wp-content\/uploads\/2025\/02\/Muri-Gumligen_statt_England_\u2013_wie_das_Leben_so_spielt.pdf\" target=\"_blank\" rel=\"noopener\">Lese den Beitrag aus der Zeitung<\/a><\/p>","protected":false},"excerpt":{"rendered":"<p>In diesem Jahr ist Hilmi Gashi von den Gr\u00fcnen Pr\u00e4sident des Grossen Gemeinderates von Muri bei Bern. Der Gewerkschafter hat ein bewegtes Leben und geniesst auch bei politischen Gegnern einen guten Ruf.\u00a0 Er sagt:\u00a0\u201eIch m\u00f6chte helfen, Menschen sichtbar machen, die man sonst nicht so gut sieht.\u201c Dass Hilmi Gashi im Jahr 2025 der \u201eh\u00f6chste Muri-G\u00fcmliger\u201c [&hellip;]<\/p>","protected":false},"author":5,"featured_media":8422,"comment_status":"closed","ping_status":"open","sticky":false,"template":"","format":"standard","meta":{"_acf_changed":false,"footnotes":""},"categories":[16],"tags":[],"class_list":["post-8421","post","type-post","status-publish","format-standard","has-post-thumbnail","hentry","category-alle"],"acf":[],"_links":{"self":[{"href":"https:\/\/aktionvierviertel.ch\/fr\/wp-json\/wp\/v2\/posts\/8421","targetHints":{"allow":["GET"]}}],"collection":[{"href":"https:\/\/aktionvierviertel.ch\/fr\/wp-json\/wp\/v2\/posts"}],"about":[{"href":"https:\/\/aktionvierviertel.ch\/fr\/wp-json\/wp\/v2\/types\/post"}],"author":[{"embeddable":true,"href":"https:\/\/aktionvierviertel.ch\/fr\/wp-json\/wp\/v2\/users\/5"}],"replies":[{"embeddable":true,"href":"https:\/\/aktionvierviertel.ch\/fr\/wp-json\/wp\/v2\/comments?post=8421"}],"version-history":[{"count":6,"href":"https:\/\/aktionvierviertel.ch\/fr\/wp-json\/wp\/v2\/posts\/8421\/revisions"}],"predecessor-version":[{"id":8428,"href":"https:\/\/aktionvierviertel.ch\/fr\/wp-json\/wp\/v2\/posts\/8421\/revisions\/8428"}],"wp:featuredmedia":[{"embeddable":true,"href":"https:\/\/aktionvierviertel.ch\/fr\/wp-json\/wp\/v2\/media\/8422"}],"wp:attachment":[{"href":"https:\/\/aktionvierviertel.ch\/fr\/wp-json\/wp\/v2\/media?parent=8421"}],"wp:term":[{"taxonomy":"category","embeddable":true,"href":"https:\/\/aktionvierviertel.ch\/fr\/wp-json\/wp\/v2\/categories?post=8421"},{"taxonomy":"post_tag","embeddable":true,"href":"https:\/\/aktionvierviertel.ch\/fr\/wp-json\/wp\/v2\/tags?post=8421"}],"curies":[{"name":"wp","href":"https:\/\/api.w.org\/{rel}","templated":true}]}}