{"id":8429,"date":"2025-02-19T12:58:17","date_gmt":"2025-02-19T12:58:17","guid":{"rendered":"https:\/\/www.aktionvierviertel.ch\/?p=8429"},"modified":"2026-02-13T04:51:19","modified_gmt":"2026-02-13T04:51:19","slug":"kommunikation-des-bundesrates","status":"publish","type":"post","link":"https:\/\/aktionvierviertel.ch\/fr\/communique-de-presse-de-laction-quatre-quarts\/","title":{"rendered":"Le refus de l\u2019Initiative pour la d\u00e9mocratie montre que l\u2019Initiative pour la d\u00e9mocratie est n\u00e9cessaire"},"content":{"rendered":"<p><strong>Aujourd\u2019hui, le Conseil f\u00e9d\u00e9ral s\u2019est exprim\u00e9 sur l\u2019Initiative populaire \u00ab Pour un\ndroit de la nationalit\u00e9 moderne (Initiative pour la d\u00e9mocratie) \u00bb pour annoncer\nsa d\u00e9cision de principe. Il rejette l\u2019initiative sans contre-projet et ne consid\u00e8re\npas qu\u2019il est n\u00e9cessaire d\u2019intervenir sur le droit de la naturalisation en Suisse.\nCe refus du Conseil f\u00e9d\u00e9ral d\u00e9montre que la d\u00e9mocratie des quatre quarts et le\ndroit de la nationalit\u00e9 moderne ne peuvent venir que de la soci\u00e9t\u00e9 civile. Il\nincombe maintenant au Parlement de combler le d\u00e9ficit d\u00e9mocratique en\nproposant un droit de la naturalisation tourn\u00e9 vers l\u2019avenir.<\/strong><\/p>\n<p>Le Conseil f\u00e9d\u00e9ral a annonc\u00e9 sa d\u00e9cision de principe de rejeter l\u2019Initiative pour la\nd\u00e9mocratie sans contre-projet direct ou indirect. Il ne voit aucune n\u00e9cessit\u00e9 d\u2019agir sur\nle droit de la naturalisation en Suisse. Continuons avec les Faiseurs de Suisses, c\u2019est\nla solution qu\u2019ils proposent. Avec plus de 100\u2019000 signatures r\u00e9colt\u00e9es, l\u2019Initiative pour\nla d\u00e9mocratie a attir\u00e9 l\u2019attention sur notre d\u00e9ficit d\u00e9mocratique :<br \/>\nplus d\u2019un quart (27\npour cent) de la population suisse ne jouit pas de droits politiques \u00e9gaux et est exclu\nde la d\u00e9mocratie. Cela affaiblit la coh\u00e9sion nationale et les institutions d\u00e9mocratiques\nde la Suisse.<br \/>\nLe Conseil f\u00e9d\u00e9ral aurait pu faire usage des nombreux leviers et m\u00e9canismes\npossibles pour rendre la proc\u00e9dure de naturalisation plus juste et moins arbitraires, par\nexemple en supprimant les d\u00e9lais de r\u00e9sidence dans les cantons et les communes,\nqui appartiennent \u00e0 une autre \u00e9poque ou en supprimant l\u2019exigence du permis\nd\u2019\u00e9tablissement (C), en r\u00e9duisant le d\u00e9lai de r\u00e9sidence en Suisse, actuellement de dix\nans. Il aurait pu \u00e9galement modifier les nombreux crit\u00e8res d\u2019int\u00e9gration, prendre des\nmesures sp\u00e9cifiques pour faciliter la naturalisation pour la deuxi\u00e8me g\u00e9n\u00e9ration, ou\nr\u00e9duire la bureaucratie dans la proc\u00e9dure de naturalisation. Au niveau des\nordonnances, il existe \u00e9galement une marge de man\u0153uvre pour rendre les proc\u00e9dures\nplus rapides et justes et moins co\u00fbteuses, par exemple en exigeant que des PVs soient\nr\u00e9dig\u00e9s lors des entretiens de naturalisation et en num\u00e9risant la proc\u00e9dure. L\u2019acc\u00e8s \u00e0\nla nationalit\u00e9 suisse et \u00e0 la participation politique de plein droit doit devenir plus simple,\nplus juste et plus rapide si la Suisse veut garder sa r\u00e9putation de d\u00e9mocratie mod\u00e8le.<br \/>\nLe rejet de l\u2019initiative par le Conseil f\u00e9d\u00e9ral nous montre que l\u2019Initiative pour la\nd\u00e9mocratie est plus que jamais n\u00e9cessaire. Et que le mouvement pour un droit de la\nnationalit\u00e9 moderne doit venir de la soci\u00e9t\u00e9 civile. Il incombe maintenant au Parlement\nd\u2019ouvrir la voie vers la facilitation de la naturalisation. Il faut un changement de\nparadigme dans le droit de la nationalit\u00e9 suisse : toute personne qui vit ici \u00e0 long terme<br \/>\ndoit avoir un droit \u00e0 la naturalisation pour devenir membre \u00e0 plein titre de notre soci\u00e9t\u00e9.<\/p>\n<p>Contacts :<br \/>\nCo-pr\u00e9sidence Action Quatre Quarts<br \/>\nCo-pr\u00e9sidence Action Quatre Quarts<br \/>\n<a href=\"mailto:kontakt@demokratie-volksinitiative.ch\">kontakt@demokratie-volksinitiative.ch<\/a><\/p>","protected":false},"excerpt":{"rendered":"<p>Heute hat der Bundesrat seinen Richtungsentscheid zur Volksinitiative \u00abF\u00fcr ein modernes B\u00fcrgerrecht (Demokratie-Initiative)\u00bb gef\u00e4llt: Er lehnt sie ohne Gegenvorschlag ab und sieht keinen Handlungsbedarf im Schweizer Einb\u00fcrgerungsrecht. Damit best\u00e4tigt der Bundesrat, dass die Ver\u00e4nderung hin zu einem modernen B\u00fcrgerrecht und zur Vierviertel-Demokratie aus der Zivilgesellschaft kommen muss. Nun liegt es am Parlament, dem bestehenden Demokratiedefizit [&hellip;]<\/p>","protected":false},"author":5,"featured_media":8430,"comment_status":"closed","ping_status":"open","sticky":false,"template":"","format":"standard","meta":{"_acf_changed":false,"footnotes":""},"categories":[16],"tags":[],"class_list":["post-8429","post","type-post","status-publish","format-standard","has-post-thumbnail","hentry","category-alle"],"acf":[],"_links":{"self":[{"href":"https:\/\/aktionvierviertel.ch\/fr\/wp-json\/wp\/v2\/posts\/8429","targetHints":{"allow":["GET"]}}],"collection":[{"href":"https:\/\/aktionvierviertel.ch\/fr\/wp-json\/wp\/v2\/posts"}],"about":[{"href":"https:\/\/aktionvierviertel.ch\/fr\/wp-json\/wp\/v2\/types\/post"}],"author":[{"embeddable":true,"href":"https:\/\/aktionvierviertel.ch\/fr\/wp-json\/wp\/v2\/users\/5"}],"replies":[{"embeddable":true,"href":"https:\/\/aktionvierviertel.ch\/fr\/wp-json\/wp\/v2\/comments?post=8429"}],"version-history":[{"count":2,"href":"https:\/\/aktionvierviertel.ch\/fr\/wp-json\/wp\/v2\/posts\/8429\/revisions"}],"predecessor-version":[{"id":8432,"href":"https:\/\/aktionvierviertel.ch\/fr\/wp-json\/wp\/v2\/posts\/8429\/revisions\/8432"}],"wp:featuredmedia":[{"embeddable":true,"href":"https:\/\/aktionvierviertel.ch\/fr\/wp-json\/wp\/v2\/media\/8430"}],"wp:attachment":[{"href":"https:\/\/aktionvierviertel.ch\/fr\/wp-json\/wp\/v2\/media?parent=8429"}],"wp:term":[{"taxonomy":"category","embeddable":true,"href":"https:\/\/aktionvierviertel.ch\/fr\/wp-json\/wp\/v2\/categories?post=8429"},{"taxonomy":"post_tag","embeddable":true,"href":"https:\/\/aktionvierviertel.ch\/fr\/wp-json\/wp\/v2\/tags?post=8429"}],"curies":[{"name":"wp","href":"https:\/\/api.w.org\/{rel}","templated":true}]}}